{"id":13170,"date":"2022-05-13T11:03:58","date_gmt":"2022-05-13T10:03:58","guid":{"rendered":"http:\/\/neel-trimarans-group.com\/private-days-2022\/"},"modified":"2022-12-05T16:12:27","modified_gmt":"2022-12-05T15:12:27","slug":"private-days-2022","status":"publish","type":"post","link":"https:\/\/neel-trimarans-group.com\/fr\/private-days-2022\/","title":{"rendered":"PRIVATE DAYS 2022"},"content":{"rendered":"\t\t<div data-elementor-type=\"wp-post\" data-elementor-id=\"13170\" class=\"elementor elementor-13170 elementor-13155\" data-elementor-post-type=\"post\">\n\t\t\t\t\t\t<section class=\"elementor-section elementor-top-section elementor-element elementor-element-5e23e32 elementor-section-boxed elementor-section-height-default elementor-section-height-default\" data-id=\"5e23e32\" data-element_type=\"section\">\n\t\t\t\t\t\t<div class=\"elementor-container elementor-column-gap-default\">\n\t\t\t\t\t<div class=\"elementor-column elementor-col-100 elementor-top-column elementor-element elementor-element-e54774e\" data-id=\"e54774e\" data-element_type=\"column\">\n\t\t\t<div class=\"elementor-widget-wrap elementor-element-populated\">\n\t\t\t\t\t\t<div class=\"elementor-element elementor-element-22ec028 elementor-widget elementor-widget-text-editor\" data-id=\"22ec028\" data-element_type=\"widget\" data-widget_type=\"text-editor.default\">\n\t\t\t\t<div class=\"elementor-widget-container\">\n\t\t\t\t\t\t\t\t\t<p>We invite you to meet us during our PRIVATE DAYS,<strong>\u00a0from 9 to 12 June in Port Leucate<\/strong>\u00a0(France \u2013 Mediterranean).<\/p><p>An exceptional opportunity to discover the whole range of NEEL trimarans:<\/p>\t\t\t\t\t\t\t\t<\/div>\n\t\t\t\t<\/div>\n\t\t\t\t\t<\/div>\n\t\t<\/div>\n\t\t\t\t\t<\/div>\n\t\t<\/section>\n\t\t\t\t<section class=\"elementor-section elementor-top-section elementor-element elementor-element-c7af94c elementor-section-boxed elementor-section-height-default elementor-section-height-default\" data-id=\"c7af94c\" data-element_type=\"section\">\n\t\t\t\t\t\t<div class=\"elementor-container elementor-column-gap-default\">\n\t\t\t\t\t<div class=\"elementor-column elementor-col-33 elementor-top-column elementor-element elementor-element-915760e\" data-id=\"915760e\" data-element_type=\"column\">\n\t\t\t<div class=\"elementor-widget-wrap elementor-element-populated\">\n\t\t\t\t\t\t<div class=\"elementor-element elementor-element-e258ee0 elementor-widget elementor-widget-image\" data-id=\"e258ee0\" data-element_type=\"widget\" data-widget_type=\"image.default\">\n\t\t\t\t<div class=\"elementor-widget-container\">\n\t\t\t\t\t\t\t\t\t\t\t\t\t\t\t<img fetchpriority=\"high\" decoding=\"async\" width=\"800\" height=\"533\" src=\"https:\/\/neel-trimarans-group.com\/wp-content\/uploads\/2022\/05\/private-days-2022-1024x682.jpg\" class=\"attachment-large size-large wp-image-13159\" alt=\"PRIVATE DAYS 2022 2\" srcset=\"https:\/\/neel-trimarans-group.com\/wp-content\/uploads\/2022\/05\/private-days-2022-1024x682.jpg 1024w, https:\/\/neel-trimarans-group.com\/wp-content\/uploads\/2022\/05\/private-days-2022-300x200.jpg 300w, https:\/\/neel-trimarans-group.com\/wp-content\/uploads\/2022\/05\/private-days-2022-1536x1023.jpg 1536w, https:\/\/neel-trimarans-group.com\/wp-content\/uploads\/2022\/05\/private-days-2022.jpg 1600w\" sizes=\"(max-width: 800px) 100vw, 800px\" \/>\t\t\t\t\t\t\t\t\t\t\t\t\t\t\t<\/div>\n\t\t\t\t<\/div>\n\t\t\t\t<div class=\"elementor-element elementor-element-d1bd5a5 elementor-widget elementor-widget-text-editor\" data-id=\"d1bd5a5\" data-element_type=\"widget\" data-widget_type=\"text-editor.default\">\n\t\t\t\t<div class=\"elementor-widget-container\">\n\t\t\t\t\t\t\t\t\t<p>The\u00a0<a href=\"https:\/\/www.neel-trimarans.com\/range\/neel-43\/\"><strong>NEEL 43<\/strong><\/a>, the latest Lombard-designed addition to the range is even more innovative and impressive, and with a marked move towards the use of bio-sourced and recyclable materials.<\/p>\t\t\t\t\t\t\t\t<\/div>\n\t\t\t\t<\/div>\n\t\t\t\t\t<\/div>\n\t\t<\/div>\n\t\t\t\t<div class=\"elementor-column elementor-col-33 elementor-top-column elementor-element elementor-element-0f99e4b\" data-id=\"0f99e4b\" data-element_type=\"column\">\n\t\t\t<div class=\"elementor-widget-wrap elementor-element-populated\">\n\t\t\t\t\t\t<div class=\"elementor-element elementor-element-560b690 elementor-widget elementor-widget-image\" data-id=\"560b690\" data-element_type=\"widget\" data-widget_type=\"image.default\">\n\t\t\t\t<div class=\"elementor-widget-container\">\n\t\t\t\t\t\t\t\t\t\t\t\t\t\t\t<img decoding=\"async\" width=\"800\" height=\"534\" src=\"https:\/\/neel-trimarans-group.com\/wp-content\/uploads\/2022\/05\/private-days-2022-2-1024x683.jpg\" class=\"attachment-large size-large wp-image-13161\" alt=\"PRIVATE DAYS 2022 1\" srcset=\"https:\/\/neel-trimarans-group.com\/wp-content\/uploads\/2022\/05\/private-days-2022-2-1024x683.jpg 1024w, https:\/\/neel-trimarans-group.com\/wp-content\/uploads\/2022\/05\/private-days-2022-2-300x200.jpg 300w, https:\/\/neel-trimarans-group.com\/wp-content\/uploads\/2022\/05\/private-days-2022-2.jpg 1300w\" sizes=\"(max-width: 800px) 100vw, 800px\" \/>\t\t\t\t\t\t\t\t\t\t\t\t\t\t\t<\/div>\n\t\t\t\t<\/div>\n\t\t\t\t<div class=\"elementor-element elementor-element-1586127 elementor-widget elementor-widget-text-editor\" data-id=\"1586127\" data-element_type=\"widget\" data-widget_type=\"text-editor.default\">\n\t\t\t\t<div class=\"elementor-widget-container\">\n\t\t\t\t\t\t\t\t\t<p>The<a href=\"https:\/\/www.neel-trimarans.com\/range\/neel-47\/\"><strong>\u00a0NEEL 47<\/strong><\/a>,\u00a0the model with a unique layout which takes up the NEEL-TRIMARANS classics, the owner\u2019s cabin on the main deck, the\u00a0<a href=\"https:\/\/www.neel-trimarans.com\/why-a-trimaran-neel\/comfort\/\">Cockloon<\/a>\u00ae\u00a0and the extra large cockpit.<\/p>\t\t\t\t\t\t\t\t<\/div>\n\t\t\t\t<\/div>\n\t\t\t\t\t<\/div>\n\t\t<\/div>\n\t\t\t\t<div class=\"elementor-column elementor-col-33 elementor-top-column elementor-element elementor-element-7e0d87c\" data-id=\"7e0d87c\" data-element_type=\"column\">\n\t\t\t<div class=\"elementor-widget-wrap elementor-element-populated\">\n\t\t\t\t\t\t<div class=\"elementor-element elementor-element-c6e202b elementor-widget elementor-widget-image\" data-id=\"c6e202b\" data-element_type=\"widget\" data-widget_type=\"image.default\">\n\t\t\t\t<div class=\"elementor-widget-container\">\n\t\t\t\t\t\t\t\t\t\t\t\t\t\t\t<img decoding=\"async\" width=\"800\" height=\"534\" src=\"https:\/\/neel-trimarans-group.com\/wp-content\/uploads\/2022\/05\/private-days-2022-3-1024x683.jpg\" class=\"attachment-large size-large wp-image-13163\" alt=\"PRIVATE DAYS 2022\" srcset=\"https:\/\/neel-trimarans-group.com\/wp-content\/uploads\/2022\/05\/private-days-2022-3-1024x683.jpg 1024w, https:\/\/neel-trimarans-group.com\/wp-content\/uploads\/2022\/05\/private-days-2022-3-300x200.jpg 300w, https:\/\/neel-trimarans-group.com\/wp-content\/uploads\/2022\/05\/private-days-2022-3.jpg 1200w\" sizes=\"(max-width: 800px) 100vw, 800px\" \/>\t\t\t\t\t\t\t\t\t\t\t\t\t\t\t<\/div>\n\t\t\t\t<\/div>\n\t\t\t\t<div class=\"elementor-element elementor-element-29ad09e elementor-widget elementor-widget-text-editor\" data-id=\"29ad09e\" data-element_type=\"widget\" data-widget_type=\"text-editor.default\">\n\t\t\t\t<div class=\"elementor-widget-container\">\n\t\t\t\t\t\t\t\t\t<p>The\u00a0<strong><a href=\"https:\/\/www.neel-trimarans.com\/range\/neel-51\/\">NEEL 51<\/a><\/strong>,\u00a0the\u00a0<strong>most awarded sailing boat in the history of multihulls<\/strong>, unanimously recognised by professionals and the general public, with absolute comfort and<strong>\u00a0remarkable behaviour at sea<\/strong>.<\/p>\t\t\t\t\t\t\t\t<\/div>\n\t\t\t\t<\/div>\n\t\t\t\t\t<\/div>\n\t\t<\/div>\n\t\t\t\t\t<\/div>\n\t\t<\/section>\n\t\t\t\t<section class=\"elementor-section elementor-top-section elementor-element elementor-element-a8e6c8c elementor-section-boxed elementor-section-height-default elementor-section-height-default\" data-id=\"a8e6c8c\" data-element_type=\"section\">\n\t\t\t\t\t\t<div class=\"elementor-container elementor-column-gap-default\">\n\t\t\t\t\t<div class=\"elementor-column elementor-col-100 elementor-top-column elementor-element elementor-element-8b03b18\" data-id=\"8b03b18\" data-element_type=\"column\">\n\t\t\t<div class=\"elementor-widget-wrap elementor-element-populated\">\n\t\t\t\t\t\t<div class=\"elementor-element elementor-element-bbbdc33 elementor-widget elementor-widget-text-editor\" data-id=\"bbbdc33\" data-element_type=\"widget\" data-widget_type=\"text-editor.default\">\n\t\t\t\t<div class=\"elementor-widget-container\">\n\t\t\t\t\t\t\t\t\t<p>Make an\u00a0<strong>appointment now<\/strong>\u00a0and benefit from a\u00a0<strong>personalized visit<\/strong>\u00a0of one or more of our 3 exposed models.<\/p><p>Individual appointment with one of our team members or our dealers. They will be at your disposal to discuss your project and to propose you our\u00a0<strong>different solutions of acquisition of a NEEL trimaran<\/strong>\u00a0(traditional acquisition or in\u00a0<a href=\"https:\/\/trimaran-yacht-charter.com\/management-rental\/\">rental management<\/a>\u00a0by our subsidiary\u00a0<a href=\"https:\/\/trimaran-yacht-charter.com\/\">TRIMARAN YACHT CHARTER<\/a>).<\/p>\t\t\t\t\t\t\t\t<\/div>\n\t\t\t\t<\/div>\n\t\t\t\t<div class=\"elementor-element elementor-element-379f41c elementor-align-center elementor-widget elementor-widget-button\" data-id=\"379f41c\" data-element_type=\"widget\" data-widget_type=\"button.default\">\n\t\t\t\t<div class=\"elementor-widget-container\">\n\t\t\t\t\t\t\t\t\t<div class=\"elementor-button-wrapper\">\n\t\t\t\t\t<a class=\"elementor-button elementor-button-link elementor-size-sm\" href=\"https:\/\/www.neel-trimarans.com\/fr\/contacts\/private-days-du-9-au-12-juin-2022\/\">\n\t\t\t\t\t\t<span class=\"elementor-button-content-wrapper\">\n\t\t\t\t\t\t\t\t\t<span class=\"elementor-button-text\">Book an appointment<\/span>\n\t\t\t\t\t<\/span>\n\t\t\t\t\t<\/a>\n\t\t\t\t<\/div>\n\t\t\t\t\t\t\t\t<\/div>\n\t\t\t\t<\/div>\n\t\t\t\t\t<\/div>\n\t\t<\/div>\n\t\t\t\t\t<\/div>\n\t\t<\/section>\n\t\t\t\t<section class=\"elementor-section elementor-top-section elementor-element elementor-element-8f39c4a elementor-section-boxed elementor-section-height-default elementor-section-height-default\" data-id=\"8f39c4a\" data-element_type=\"section\">\n\t\t\t\t\t\t<div class=\"elementor-container elementor-column-gap-default\">\n\t\t\t\t\t<div class=\"elementor-column elementor-col-100 elementor-top-column elementor-element elementor-element-635432f\" data-id=\"635432f\" data-element_type=\"column\">\n\t\t\t<div class=\"elementor-widget-wrap elementor-element-populated\">\n\t\t\t\t\t\t<div class=\"elementor-element elementor-element-5bd7376 elementor-widget elementor-widget-text-editor\" data-id=\"5bd7376\" data-element_type=\"widget\" data-widget_type=\"text-editor.default\">\n\t\t\t\t<div class=\"elementor-widget-container\">\n\t\t\t\t\t\t\t\t\t<div class=\"elementor-element elementor-element-435e34c elementor-widget elementor-widget-text-editor\" data-id=\"435e34c\" data-element_type=\"widget\" data-widget_type=\"text-editor.default\"><div class=\"elementor-widget-container\"><div class=\"elementor-text-editor elementor-clearfix\"><h2>About TRIMARAN YACHT CHARTER<\/h2><\/div><\/div><\/div><div class=\"elementor-element elementor-element-8971bdf elementor-widget elementor-widget-text-editor\" data-id=\"8971bdf\" data-element_type=\"widget\" data-widget_type=\"text-editor.default\"><div class=\"elementor-widget-container\"><div class=\"elementor-text-editor elementor-clearfix\"><p>Created in 2020 to meet the growing demand for trimarans, TRIMARAN YACHT CHARTER is the\u00a0<strong>only company in the world that specialises in the charter of cruising<\/strong>\u00a0<strong>trimarans<\/strong>\u00a0and in the sale of trimaran\u00a0<a href=\"https:\/\/trimaran-yacht-charter.com\/management-rental\/\"><span style=\"text-decoration: underline;\">charter-management<\/span> services<\/a>.<\/p><p><a href=\"http:\/\/www.trimaran-yacht-charter.com\/\"><span style=\"text-decoration: underline;\">TRIMARAN YACHT CHARTER<\/span><\/a>\u00a0is wholly a subsidiary of NEEL-TRIMARANS, world leader in building pleasure trimarans, whose a head office is in La Rochelle.<\/p><h2>More information<\/h2><p>Port Leucate is located at :<\/p><ul><li>1h45 from Toulouse (international airport and TGV station)<\/li><li>1h25 from Montpellier (international airport and TGV station)<\/li><li>0h35 from Perpignan (airport and TGV station)<\/li><\/ul><\/div><\/div><\/div>\t\t\t\t\t\t\t\t<\/div>\n\t\t\t\t<\/div>\n\t\t\t\t<div class=\"elementor-element elementor-element-9d9f1c6 elementor-widget elementor-widget-google_maps\" data-id=\"9d9f1c6\" data-element_type=\"widget\" data-widget_type=\"google_maps.default\">\n\t\t\t\t<div class=\"elementor-widget-container\">\n\t\t\t\t\t\t\t<div class=\"elementor-custom-embed\">\n\t\t\t<iframe loading=\"lazy\"\n\t\t\t\t\tsrc=\"https:\/\/maps.google.com\/maps?q=Port%20leucate&#038;t=m&#038;z=10&#038;output=embed&#038;iwloc=near\"\n\t\t\t\t\ttitle=\"Port leucate\"\n\t\t\t\t\taria-label=\"Port leucate\"\n\t\t\t><\/iframe>\n\t\t<\/div>\n\t\t\t\t\t\t<\/div>\n\t\t\t\t<\/div>\n\t\t\t\t\t<\/div>\n\t\t<\/div>\n\t\t\t\t\t<\/div>\n\t\t<\/section>\n\t\t\t\t<\/div>\n\t\t","protected":false},"excerpt":{"rendered":"<p>We invite you to meet us during our PRIVATE DAYS,\u00a0from 9 to 12 June in Port Leucate\u00a0(France \u2013 Mediterranean). An exceptional opportunity to discover the whole range of NEEL trimarans: The\u00a0NEEL 43, the latest Lombard-designed addition to the range is even more innovative and impressive, and with a marked move towards the use of bio-sourced [&hellip;]<\/p>\n","protected":false},"author":1,"featured_media":13154,"comment_status":"closed","ping_status":"closed","sticky":false,"template":"","format":"standard","meta":{"_acf_changed":false,"footnotes":""},"categories":[7],"tags":[],"class_list":["post-13170","post","type-post","status-publish","format-standard","has-post-thumbnail","hentry","category-actualites-fr"],"acf":[],"yoast_head":"<!-- This site is optimized with the Yoast SEO plugin v27.5 - https:\/\/yoast.com\/product\/yoast-seo-wordpress\/ -->\n<title>PRIVATE DAYS 2022 - NEEL-TRIMARANS-GROUP<\/title>\n<meta name=\"robots\" content=\"index, follow, max-snippet:-1, max-image-preview:large, max-video-preview:-1\" \/>\n<link rel=\"canonical\" href=\"https:\/\/neel-trimarans-group.com\/fr\/private-days-2022\/\" \/>\n<meta property=\"og:locale\" content=\"fr_FR\" \/>\n<meta property=\"og:type\" content=\"article\" \/>\n<meta property=\"og:title\" content=\"PRIVATE DAYS 2022 - NEEL-TRIMARANS-GROUP\" \/>\n<meta property=\"og:description\" content=\"We invite you to meet us during our PRIVATE DAYS,\u00a0from 9 to 12 June in Port Leucate\u00a0(France \u2013 Mediterranean). An exceptional opportunity to discover the whole range of NEEL trimarans: The\u00a0NEEL 43, the latest Lombard-designed addition to the range is even more innovative and impressive, and with a marked move towards the use of bio-sourced [&hellip;]\" \/>\n<meta property=\"og:url\" content=\"https:\/\/neel-trimarans-group.com\/fr\/private-days-2022\/\" \/>\n<meta property=\"og:site_name\" content=\"NEEL-TRIMARANS-GROUP\" \/>\n<meta property=\"article:publisher\" content=\"https:\/\/www.facebook.com\/neeltrimarans\/\" \/>\n<meta property=\"article:published_time\" content=\"2022-05-13T10:03:58+00:00\" \/>\n<meta property=\"article:modified_time\" content=\"2022-12-05T15:12:27+00:00\" \/>\n<meta property=\"og:image\" content=\"https:\/\/neel-trimarans-group.com\/wp-content\/uploads\/2022\/05\/Header-website-scaled.jpg\" \/>\n\t<meta property=\"og:image:width\" content=\"2560\" \/>\n\t<meta property=\"og:image:height\" content=\"1010\" \/>\n\t<meta property=\"og:image:type\" content=\"image\/jpeg\" \/>\n<meta name=\"author\" content=\"admin@neel\" \/>\n<meta name=\"twitter:card\" content=\"summary_large_image\" \/>\n<meta name=\"twitter:creator\" content=\"@neeltrimarans\" \/>\n<meta name=\"twitter:site\" content=\"@neeltrimarans\" \/>\n<meta name=\"twitter:label1\" content=\"\u00c9crit par\" \/>\n\t<meta name=\"twitter:data1\" content=\"admin@neel\" \/>\n\t<meta name=\"twitter:label2\" content=\"Dur\u00e9e de lecture estim\u00e9e\" \/>\n\t<meta name=\"twitter:data2\" content=\"3 minutes\" \/>\n<script type=\"application\/ld+json\" class=\"yoast-schema-graph\">{\"@context\":\"https:\\\/\\\/schema.org\",\"@graph\":[{\"@type\":\"Article\",\"@id\":\"https:\\\/\\\/neel-trimarans-group.com\\\/fr\\\/private-days-2022\\\/#article\",\"isPartOf\":{\"@id\":\"https:\\\/\\\/neel-trimarans-group.com\\\/fr\\\/private-days-2022\\\/\"},\"author\":{\"name\":\"admin@neel\",\"@id\":\"https:\\\/\\\/neel-trimarans-group.com\\\/#\\\/schema\\\/person\\\/802018f4b970e32fb1fd11dff7d1f55d\"},\"headline\":\"PRIVATE DAYS 2022\",\"datePublished\":\"2022-05-13T10:03:58+00:00\",\"dateModified\":\"2022-12-05T15:12:27+00:00\",\"mainEntityOfPage\":{\"@id\":\"https:\\\/\\\/neel-trimarans-group.com\\\/fr\\\/private-days-2022\\\/\"},\"wordCount\":275,\"publisher\":{\"@id\":\"https:\\\/\\\/neel-trimarans-group.com\\\/#organization\"},\"image\":{\"@id\":\"https:\\\/\\\/neel-trimarans-group.com\\\/fr\\\/private-days-2022\\\/#primaryimage\"},\"thumbnailUrl\":\"https:\\\/\\\/neel-trimarans-group.com\\\/wp-content\\\/uploads\\\/2022\\\/05\\\/Header-website-scaled.jpg\",\"articleSection\":[\"Actualit\u00e9s\"],\"inLanguage\":\"fr-FR\"},{\"@type\":\"WebPage\",\"@id\":\"https:\\\/\\\/neel-trimarans-group.com\\\/fr\\\/private-days-2022\\\/\",\"url\":\"https:\\\/\\\/neel-trimarans-group.com\\\/fr\\\/private-days-2022\\\/\",\"name\":\"PRIVATE DAYS 2022 - NEEL-TRIMARANS-GROUP\",\"isPartOf\":{\"@id\":\"https:\\\/\\\/neel-trimarans-group.com\\\/#website\"},\"primaryImageOfPage\":{\"@id\":\"https:\\\/\\\/neel-trimarans-group.com\\\/fr\\\/private-days-2022\\\/#primaryimage\"},\"image\":{\"@id\":\"https:\\\/\\\/neel-trimarans-group.com\\\/fr\\\/private-days-2022\\\/#primaryimage\"},\"thumbnailUrl\":\"https:\\\/\\\/neel-trimarans-group.com\\\/wp-content\\\/uploads\\\/2022\\\/05\\\/Header-website-scaled.jpg\",\"datePublished\":\"2022-05-13T10:03:58+00:00\",\"dateModified\":\"2022-12-05T15:12:27+00:00\",\"breadcrumb\":{\"@id\":\"https:\\\/\\\/neel-trimarans-group.com\\\/fr\\\/private-days-2022\\\/#breadcrumb\"},\"inLanguage\":\"fr-FR\",\"potentialAction\":[{\"@type\":\"ReadAction\",\"target\":[\"https:\\\/\\\/neel-trimarans-group.com\\\/fr\\\/private-days-2022\\\/\"]}]},{\"@type\":\"ImageObject\",\"inLanguage\":\"fr-FR\",\"@id\":\"https:\\\/\\\/neel-trimarans-group.com\\\/fr\\\/private-days-2022\\\/#primaryimage\",\"url\":\"https:\\\/\\\/neel-trimarans-group.com\\\/wp-content\\\/uploads\\\/2022\\\/05\\\/Header-website-scaled.jpg\",\"contentUrl\":\"https:\\\/\\\/neel-trimarans-group.com\\\/wp-content\\\/uploads\\\/2022\\\/05\\\/Header-website-scaled.jpg\",\"width\":2560,\"height\":1010,\"caption\":\"PRIVATE DAYS 2022 3\"},{\"@type\":\"BreadcrumbList\",\"@id\":\"https:\\\/\\\/neel-trimarans-group.com\\\/fr\\\/private-days-2022\\\/#breadcrumb\",\"itemListElement\":[{\"@type\":\"ListItem\",\"position\":1,\"name\":\"Home\",\"item\":\"https:\\\/\\\/neel-trimarans-group.com\\\/\"},{\"@type\":\"ListItem\",\"position\":2,\"name\":\"PRIVATE DAYS 2022\"}]},{\"@type\":\"WebSite\",\"@id\":\"https:\\\/\\\/neel-trimarans-group.com\\\/#website\",\"url\":\"https:\\\/\\\/neel-trimarans-group.com\\\/\",\"name\":\"NEEL-TRIMARANS-GROUP\",\"description\":\"Just makes sense\",\"publisher\":{\"@id\":\"https:\\\/\\\/neel-trimarans-group.com\\\/#organization\"},\"potentialAction\":[{\"@type\":\"SearchAction\",\"target\":{\"@type\":\"EntryPoint\",\"urlTemplate\":\"https:\\\/\\\/neel-trimarans-group.com\\\/?s={search_term_string}\"},\"query-input\":{\"@type\":\"PropertyValueSpecification\",\"valueRequired\":true,\"valueName\":\"search_term_string\"}}],\"inLanguage\":\"fr-FR\"},{\"@type\":\"Organization\",\"@id\":\"https:\\\/\\\/neel-trimarans-group.com\\\/#organization\",\"name\":\"NEEL-TRIMARANS GROUP\",\"url\":\"https:\\\/\\\/neel-trimarans-group.com\\\/\",\"logo\":{\"@type\":\"ImageObject\",\"inLanguage\":\"fr-FR\",\"@id\":\"https:\\\/\\\/neel-trimarans-group.com\\\/#\\\/schema\\\/logo\\\/image\\\/\",\"url\":\"\",\"contentUrl\":\"\",\"caption\":\"NEEL-TRIMARANS GROUP\"},\"image\":{\"@id\":\"https:\\\/\\\/neel-trimarans-group.com\\\/#\\\/schema\\\/logo\\\/image\\\/\"},\"sameAs\":[\"https:\\\/\\\/www.facebook.com\\\/neeltrimarans\\\/\",\"https:\\\/\\\/x.com\\\/neeltrimarans\",\"https:\\\/\\\/www.instagram.com\\\/neeltrimarans_official\\\/\",\"https:\\\/\\\/www.youtube.com\\\/channel\\\/UCAFnRZZiNuug-k9TNDH_sEw\"]},{\"@type\":\"Person\",\"@id\":\"https:\\\/\\\/neel-trimarans-group.com\\\/#\\\/schema\\\/person\\\/802018f4b970e32fb1fd11dff7d1f55d\",\"name\":\"admin@neel\",\"image\":{\"@type\":\"ImageObject\",\"inLanguage\":\"fr-FR\",\"@id\":\"https:\\\/\\\/secure.gravatar.com\\\/avatar\\\/892320eab12df3b9a299a7ef9392e98145af12f27bd820f371927479d6fcab3f?s=96&d=mm&r=g\",\"url\":\"https:\\\/\\\/secure.gravatar.com\\\/avatar\\\/892320eab12df3b9a299a7ef9392e98145af12f27bd820f371927479d6fcab3f?s=96&d=mm&r=g\",\"contentUrl\":\"https:\\\/\\\/secure.gravatar.com\\\/avatar\\\/892320eab12df3b9a299a7ef9392e98145af12f27bd820f371927479d6fcab3f?s=96&d=mm&r=g\",\"caption\":\"admin@neel\"}}]}<\/script>\n<!-- \/ Yoast SEO plugin. -->","yoast_head_json":{"title":"PRIVATE DAYS 2022 - NEEL-TRIMARANS-GROUP","robots":{"index":"index","follow":"follow","max-snippet":"max-snippet:-1","max-image-preview":"max-image-preview:large","max-video-preview":"max-video-preview:-1"},"canonical":"https:\/\/neel-trimarans-group.com\/fr\/private-days-2022\/","og_locale":"fr_FR","og_type":"article","og_title":"PRIVATE DAYS 2022 - NEEL-TRIMARANS-GROUP","og_description":"We invite you to meet us during our PRIVATE DAYS,\u00a0from 9 to 12 June in Port Leucate\u00a0(France \u2013 Mediterranean). An exceptional opportunity to discover the whole range of NEEL trimarans: The\u00a0NEEL 43, the latest Lombard-designed addition to the range is even more innovative and impressive, and with a marked move towards the use of bio-sourced [&hellip;]","og_url":"https:\/\/neel-trimarans-group.com\/fr\/private-days-2022\/","og_site_name":"NEEL-TRIMARANS-GROUP","article_publisher":"https:\/\/www.facebook.com\/neeltrimarans\/","article_published_time":"2022-05-13T10:03:58+00:00","article_modified_time":"2022-12-05T15:12:27+00:00","og_image":[{"width":2560,"height":1010,"url":"https:\/\/neel-trimarans-group.com\/wp-content\/uploads\/2022\/05\/Header-website-scaled.jpg","type":"image\/jpeg"}],"author":"admin@neel","twitter_card":"summary_large_image","twitter_creator":"@neeltrimarans","twitter_site":"@neeltrimarans","twitter_misc":{"\u00c9crit par":"admin@neel","Dur\u00e9e de lecture estim\u00e9e":"3 minutes"},"schema":{"@context":"https:\/\/schema.org","@graph":[{"@type":"Article","@id":"https:\/\/neel-trimarans-group.com\/fr\/private-days-2022\/#article","isPartOf":{"@id":"https:\/\/neel-trimarans-group.com\/fr\/private-days-2022\/"},"author":{"name":"admin@neel","@id":"https:\/\/neel-trimarans-group.com\/#\/schema\/person\/802018f4b970e32fb1fd11dff7d1f55d"},"headline":"PRIVATE DAYS 2022","datePublished":"2022-05-13T10:03:58+00:00","dateModified":"2022-12-05T15:12:27+00:00","mainEntityOfPage":{"@id":"https:\/\/neel-trimarans-group.com\/fr\/private-days-2022\/"},"wordCount":275,"publisher":{"@id":"https:\/\/neel-trimarans-group.com\/#organization"},"image":{"@id":"https:\/\/neel-trimarans-group.com\/fr\/private-days-2022\/#primaryimage"},"thumbnailUrl":"https:\/\/neel-trimarans-group.com\/wp-content\/uploads\/2022\/05\/Header-website-scaled.jpg","articleSection":["Actualit\u00e9s"],"inLanguage":"fr-FR"},{"@type":"WebPage","@id":"https:\/\/neel-trimarans-group.com\/fr\/private-days-2022\/","url":"https:\/\/neel-trimarans-group.com\/fr\/private-days-2022\/","name":"PRIVATE DAYS 2022 - NEEL-TRIMARANS-GROUP","isPartOf":{"@id":"https:\/\/neel-trimarans-group.com\/#website"},"primaryImageOfPage":{"@id":"https:\/\/neel-trimarans-group.com\/fr\/private-days-2022\/#primaryimage"},"image":{"@id":"https:\/\/neel-trimarans-group.com\/fr\/private-days-2022\/#primaryimage"},"thumbnailUrl":"https:\/\/neel-trimarans-group.com\/wp-content\/uploads\/2022\/05\/Header-website-scaled.jpg","datePublished":"2022-05-13T10:03:58+00:00","dateModified":"2022-12-05T15:12:27+00:00","breadcrumb":{"@id":"https:\/\/neel-trimarans-group.com\/fr\/private-days-2022\/#breadcrumb"},"inLanguage":"fr-FR","potentialAction":[{"@type":"ReadAction","target":["https:\/\/neel-trimarans-group.com\/fr\/private-days-2022\/"]}]},{"@type":"ImageObject","inLanguage":"fr-FR","@id":"https:\/\/neel-trimarans-group.com\/fr\/private-days-2022\/#primaryimage","url":"https:\/\/neel-trimarans-group.com\/wp-content\/uploads\/2022\/05\/Header-website-scaled.jpg","contentUrl":"https:\/\/neel-trimarans-group.com\/wp-content\/uploads\/2022\/05\/Header-website-scaled.jpg","width":2560,"height":1010,"caption":"PRIVATE DAYS 2022 3"},{"@type":"BreadcrumbList","@id":"https:\/\/neel-trimarans-group.com\/fr\/private-days-2022\/#breadcrumb","itemListElement":[{"@type":"ListItem","position":1,"name":"Home","item":"https:\/\/neel-trimarans-group.com\/"},{"@type":"ListItem","position":2,"name":"PRIVATE DAYS 2022"}]},{"@type":"WebSite","@id":"https:\/\/neel-trimarans-group.com\/#website","url":"https:\/\/neel-trimarans-group.com\/","name":"NEEL-TRIMARANS-GROUP","description":"Just makes sense","publisher":{"@id":"https:\/\/neel-trimarans-group.com\/#organization"},"potentialAction":[{"@type":"SearchAction","target":{"@type":"EntryPoint","urlTemplate":"https:\/\/neel-trimarans-group.com\/?s={search_term_string}"},"query-input":{"@type":"PropertyValueSpecification","valueRequired":true,"valueName":"search_term_string"}}],"inLanguage":"fr-FR"},{"@type":"Organization","@id":"https:\/\/neel-trimarans-group.com\/#organization","name":"NEEL-TRIMARANS GROUP","url":"https:\/\/neel-trimarans-group.com\/","logo":{"@type":"ImageObject","inLanguage":"fr-FR","@id":"https:\/\/neel-trimarans-group.com\/#\/schema\/logo\/image\/","url":"","contentUrl":"","caption":"NEEL-TRIMARANS GROUP"},"image":{"@id":"https:\/\/neel-trimarans-group.com\/#\/schema\/logo\/image\/"},"sameAs":["https:\/\/www.facebook.com\/neeltrimarans\/","https:\/\/x.com\/neeltrimarans","https:\/\/www.instagram.com\/neeltrimarans_official\/","https:\/\/www.youtube.com\/channel\/UCAFnRZZiNuug-k9TNDH_sEw"]},{"@type":"Person","@id":"https:\/\/neel-trimarans-group.com\/#\/schema\/person\/802018f4b970e32fb1fd11dff7d1f55d","name":"admin@neel","image":{"@type":"ImageObject","inLanguage":"fr-FR","@id":"https:\/\/secure.gravatar.com\/avatar\/892320eab12df3b9a299a7ef9392e98145af12f27bd820f371927479d6fcab3f?s=96&d=mm&r=g","url":"https:\/\/secure.gravatar.com\/avatar\/892320eab12df3b9a299a7ef9392e98145af12f27bd820f371927479d6fcab3f?s=96&d=mm&r=g","contentUrl":"https:\/\/secure.gravatar.com\/avatar\/892320eab12df3b9a299a7ef9392e98145af12f27bd820f371927479d6fcab3f?s=96&d=mm&r=g","caption":"admin@neel"}}]}},"_links":{"self":[{"href":"https:\/\/neel-trimarans-group.com\/fr\/wp-json\/wp\/v2\/posts\/13170","targetHints":{"allow":["GET"]}}],"collection":[{"href":"https:\/\/neel-trimarans-group.com\/fr\/wp-json\/wp\/v2\/posts"}],"about":[{"href":"https:\/\/neel-trimarans-group.com\/fr\/wp-json\/wp\/v2\/types\/post"}],"author":[{"embeddable":true,"href":"https:\/\/neel-trimarans-group.com\/fr\/wp-json\/wp\/v2\/users\/1"}],"replies":[{"embeddable":true,"href":"https:\/\/neel-trimarans-group.com\/fr\/wp-json\/wp\/v2\/comments?post=13170"}],"version-history":[{"count":5,"href":"https:\/\/neel-trimarans-group.com\/fr\/wp-json\/wp\/v2\/posts\/13170\/revisions"}],"predecessor-version":[{"id":13183,"href":"https:\/\/neel-trimarans-group.com\/fr\/wp-json\/wp\/v2\/posts\/13170\/revisions\/13183"}],"wp:featuredmedia":[{"embeddable":true,"href":"https:\/\/neel-trimarans-group.com\/fr\/wp-json\/wp\/v2\/media\/13154"}],"wp:attachment":[{"href":"https:\/\/neel-trimarans-group.com\/fr\/wp-json\/wp\/v2\/media?parent=13170"}],"wp:term":[{"taxonomy":"category","embeddable":true,"href":"https:\/\/neel-trimarans-group.com\/fr\/wp-json\/wp\/v2\/categories?post=13170"},{"taxonomy":"post_tag","embeddable":true,"href":"https:\/\/neel-trimarans-group.com\/fr\/wp-json\/wp\/v2\/tags?post=13170"}],"curies":[{"name":"wp","href":"https:\/\/api.w.org\/{rel}","templated":true}]}}