{"id":11163,"date":"2021-01-07T15:35:55","date_gmt":"2021-01-07T14:35:55","guid":{"rendered":"https:\/\/neel-trimarans-group.com\/?p=11163"},"modified":"2022-01-05T17:45:09","modified_gmt":"2022-01-05T16:45:09","slug":"lancement-de-trimaran-yacht-charter-un-mot-du-president","status":"publish","type":"post","link":"https:\/\/neel-trimarans-group.com\/fr\/lancement-de-trimaran-yacht-charter-un-mot-du-president\/","title":{"rendered":"Lancement de TRIMARAN YACHT CHARTER : un mot du Pr\u00e9sident"},"content":{"rendered":"\t\t<div data-elementor-type=\"wp-post\" data-elementor-id=\"11163\" class=\"elementor elementor-11163 elementor-11149\" data-elementor-post-type=\"post\">\n\t\t\t\t\t\t<section class=\"elementor-section elementor-top-section elementor-element elementor-element-a35d037 elementor-section-boxed elementor-section-height-default elementor-section-height-default\" data-id=\"a35d037\" data-element_type=\"section\">\n\t\t\t\t\t\t<div class=\"elementor-container elementor-column-gap-default\">\n\t\t\t\t\t<div class=\"elementor-column elementor-col-100 elementor-top-column elementor-element elementor-element-896593f\" data-id=\"896593f\" data-element_type=\"column\">\n\t\t\t<div class=\"elementor-widget-wrap elementor-element-populated\">\n\t\t\t\t\t\t<div class=\"elementor-element elementor-element-d2d8ddf elementor-widget elementor-widget-text-editor\" data-id=\"d2d8ddf\" data-element_type=\"widget\" data-widget_type=\"text-editor.default\">\n\t\t\t\t<div class=\"elementor-widget-container\">\n\t\t\t\t\t\t\t\t\t<section class=\"content_page_secondaire\"><p>En 2010, apr\u00e8s une longue carri\u00e8re dans la construction navale et un passage par la course au large, j\u2019ai d\u00e9cid\u00e9 de cr\u00e9er un chantier de construction naval sp\u00e9cialis\u00e9 dans la fabrication de trimarans de plaisance. Ce concept n\u2019existait pas encore et j\u2019\u00e9tais persuad\u00e9 que le trimaran \u00e9tait le bateau de croisi\u00e8re id\u00e9al. Le pari \u00e9tait audacieux, mais 10 ans plus tard, j\u2019ai le plaisir et la satisfaction de constater que nos trimarans se sont d\u00e9finitivement install\u00e9s dans le paysage du multicoque.<\/p><p>Pendant 10 ans, le chantier a produit des unit\u00e9s destin\u00e9es \u00e0 des particuliers, et aujourd\u2019hui une centaine de trimarans NEEL navigue sur toutes les mers du globe.<\/p><p>Au fur et \u00e0 mesure que nous nous d\u00e9veloppions nous recevions des demandes toujours plus nombreuses de personnes qui souhaitaient louer des <span style=\"text-decoration: underline;\"><a href=\"http:\/\/www.neel-trimarans.com\/fr\/\">trimarans NEEL<\/a><\/span>. Forts du succ\u00e8s de nos bateaux et conscients du potentiel du march\u00e9 de la location, mon \u00e9quipe et moi-m\u00eame avons alors d\u00e9cid\u00e9 de cr\u00e9er une filiale destin\u00e9e \u00e0 la location de trimarans NEEL pour qu\u2019un plus grand nombre de plaisanciers puisse d\u00e9couvrir les joies du trimaran.<\/p><p>C\u2019est avec un immense plaisir que je lance officiellement cette nouvelle activit\u00e9, <span style=\"text-decoration: underline;\"><a href=\"http:\/\/www.trimaran-yacht-charter.com\/fr\/\">TRIMARAN YACHT CHARTER<\/a><\/span>, nouvelle filiale de NEEL-TRIMARANS destin\u00e9e \u00e0 la location de trimarans NEEL et \u00e0 la d\u00e9couverte du plaisir de naviguer et d\u2019explorer sur 3 coques.<\/p><p>TRIMARAN YACHT CHARTER permettra \u00e9galement d\u2019acqu\u00e9rir des trimarans NEEL avec des\u00a0<a href=\"https:\/\/www.trimaran-yacht-charter.com\/fr\/choisissez-la-gestion-location-avec-trimaran-yacht-charter\/\">programmes adapt\u00e9s de gestion-location.<\/a><\/p><p>Bonne navigation \u00e0 tous,<\/p><p>Eric Bruneel<\/p><\/section><section class=\"newsletter\"><\/section>\t\t\t\t\t\t\t\t<\/div>\n\t\t\t\t<\/div>\n\t\t\t\t\t<\/div>\n\t\t<\/div>\n\t\t\t\t\t<\/div>\n\t\t<\/section>\n\t\t\t\t<\/div>\n\t\t","protected":false},"excerpt":{"rendered":"<p>En 2010, apr\u00e8s une longue carri\u00e8re dans la construction navale et un passage par la course au large, j\u2019ai d\u00e9cid\u00e9 de cr\u00e9er un chantier de construction naval sp\u00e9cialis\u00e9 dans la fabrication de trimarans de plaisance. Ce concept n\u2019existait pas encore et j\u2019\u00e9tais persuad\u00e9 que le trimaran \u00e9tait le bateau de croisi\u00e8re id\u00e9al. Le pari \u00e9tait [&hellip;]<\/p>\n","protected":false},"author":1,"featured_media":11165,"comment_status":"closed","ping_status":"closed","sticky":false,"template":"","format":"standard","meta":{"_acf_changed":false,"footnotes":""},"categories":[7],"tags":[],"class_list":["post-11163","post","type-post","status-publish","format-standard","has-post-thumbnail","hentry","category-actualites-fr"],"acf":[],"yoast_head":"<!-- This site is optimized with the Yoast SEO plugin v27.5 - https:\/\/yoast.com\/product\/yoast-seo-wordpress\/ -->\n<title>Lancement de TRIMARAN YACHT CHARTER : un mot du Pr\u00e9sident - NEEL-TRIMARANS-GROUP<\/title>\n<meta name=\"robots\" content=\"index, follow, max-snippet:-1, max-image-preview:large, max-video-preview:-1\" \/>\n<link rel=\"canonical\" href=\"https:\/\/neel-trimarans-group.com\/fr\/lancement-de-trimaran-yacht-charter-un-mot-du-president\/\" \/>\n<meta property=\"og:locale\" content=\"fr_FR\" \/>\n<meta property=\"og:type\" content=\"article\" \/>\n<meta property=\"og:title\" content=\"Lancement de TRIMARAN YACHT CHARTER : un mot du Pr\u00e9sident - NEEL-TRIMARANS-GROUP\" \/>\n<meta property=\"og:description\" content=\"En 2010, apr\u00e8s une longue carri\u00e8re dans la construction navale et un passage par la course au large, j\u2019ai d\u00e9cid\u00e9 de cr\u00e9er un chantier de construction naval sp\u00e9cialis\u00e9 dans la fabrication de trimarans de plaisance. Ce concept n\u2019existait pas encore et j\u2019\u00e9tais persuad\u00e9 que le trimaran \u00e9tait le bateau de croisi\u00e8re id\u00e9al. Le pari \u00e9tait [&hellip;]\" \/>\n<meta property=\"og:url\" content=\"https:\/\/neel-trimarans-group.com\/fr\/lancement-de-trimaran-yacht-charter-un-mot-du-president\/\" \/>\n<meta property=\"og:site_name\" content=\"NEEL-TRIMARANS-GROUP\" \/>\n<meta property=\"article:publisher\" content=\"https:\/\/www.facebook.com\/neeltrimarans\/\" \/>\n<meta property=\"article:published_time\" content=\"2021-01-07T14:35:55+00:00\" \/>\n<meta property=\"article:modified_time\" content=\"2022-01-05T16:45:09+00:00\" \/>\n<meta property=\"og:image\" content=\"https:\/\/neel-trimarans-group.com\/wp-content\/uploads\/2021\/01\/lancement-de-trimaran-yacht-charter-un-mot-du-president.jpg\" \/>\n\t<meta property=\"og:image:width\" content=\"2000\" \/>\n\t<meta property=\"og:image:height\" content=\"795\" \/>\n\t<meta property=\"og:image:type\" content=\"image\/jpeg\" \/>\n<meta name=\"author\" content=\"admin@neel\" \/>\n<meta name=\"twitter:card\" content=\"summary_large_image\" \/>\n<meta name=\"twitter:creator\" content=\"@neeltrimarans\" \/>\n<meta name=\"twitter:site\" content=\"@neeltrimarans\" \/>\n<meta name=\"twitter:label1\" content=\"\u00c9crit par\" \/>\n\t<meta name=\"twitter:data1\" content=\"admin@neel\" \/>\n\t<meta name=\"twitter:label2\" content=\"Dur\u00e9e de lecture estim\u00e9e\" \/>\n\t<meta name=\"twitter:data2\" content=\"1 minute\" \/>\n<script type=\"application\/ld+json\" class=\"yoast-schema-graph\">{\"@context\":\"https:\\\/\\\/schema.org\",\"@graph\":[{\"@type\":\"Article\",\"@id\":\"https:\\\/\\\/neel-trimarans-group.com\\\/fr\\\/lancement-de-trimaran-yacht-charter-un-mot-du-president\\\/#article\",\"isPartOf\":{\"@id\":\"https:\\\/\\\/neel-trimarans-group.com\\\/fr\\\/lancement-de-trimaran-yacht-charter-un-mot-du-president\\\/\"},\"author\":{\"name\":\"admin@neel\",\"@id\":\"https:\\\/\\\/neel-trimarans-group.com\\\/#\\\/schema\\\/person\\\/802018f4b970e32fb1fd11dff7d1f55d\"},\"headline\":\"Lancement de TRIMARAN YACHT CHARTER : un mot du Pr\u00e9sident\",\"datePublished\":\"2021-01-07T14:35:55+00:00\",\"dateModified\":\"2022-01-05T16:45:09+00:00\",\"mainEntityOfPage\":{\"@id\":\"https:\\\/\\\/neel-trimarans-group.com\\\/fr\\\/lancement-de-trimaran-yacht-charter-un-mot-du-president\\\/\"},\"wordCount\":269,\"publisher\":{\"@id\":\"https:\\\/\\\/neel-trimarans-group.com\\\/#organization\"},\"image\":{\"@id\":\"https:\\\/\\\/neel-trimarans-group.com\\\/fr\\\/lancement-de-trimaran-yacht-charter-un-mot-du-president\\\/#primaryimage\"},\"thumbnailUrl\":\"https:\\\/\\\/neel-trimarans-group.com\\\/wp-content\\\/uploads\\\/2021\\\/01\\\/lancement-de-trimaran-yacht-charter-un-mot-du-president.jpg\",\"articleSection\":[\"Actualit\u00e9s\"],\"inLanguage\":\"fr-FR\"},{\"@type\":\"WebPage\",\"@id\":\"https:\\\/\\\/neel-trimarans-group.com\\\/fr\\\/lancement-de-trimaran-yacht-charter-un-mot-du-president\\\/\",\"url\":\"https:\\\/\\\/neel-trimarans-group.com\\\/fr\\\/lancement-de-trimaran-yacht-charter-un-mot-du-president\\\/\",\"name\":\"Lancement de TRIMARAN YACHT CHARTER : un mot du Pr\u00e9sident - NEEL-TRIMARANS-GROUP\",\"isPartOf\":{\"@id\":\"https:\\\/\\\/neel-trimarans-group.com\\\/#website\"},\"primaryImageOfPage\":{\"@id\":\"https:\\\/\\\/neel-trimarans-group.com\\\/fr\\\/lancement-de-trimaran-yacht-charter-un-mot-du-president\\\/#primaryimage\"},\"image\":{\"@id\":\"https:\\\/\\\/neel-trimarans-group.com\\\/fr\\\/lancement-de-trimaran-yacht-charter-un-mot-du-president\\\/#primaryimage\"},\"thumbnailUrl\":\"https:\\\/\\\/neel-trimarans-group.com\\\/wp-content\\\/uploads\\\/2021\\\/01\\\/lancement-de-trimaran-yacht-charter-un-mot-du-president.jpg\",\"datePublished\":\"2021-01-07T14:35:55+00:00\",\"dateModified\":\"2022-01-05T16:45:09+00:00\",\"breadcrumb\":{\"@id\":\"https:\\\/\\\/neel-trimarans-group.com\\\/fr\\\/lancement-de-trimaran-yacht-charter-un-mot-du-president\\\/#breadcrumb\"},\"inLanguage\":\"fr-FR\",\"potentialAction\":[{\"@type\":\"ReadAction\",\"target\":[\"https:\\\/\\\/neel-trimarans-group.com\\\/fr\\\/lancement-de-trimaran-yacht-charter-un-mot-du-president\\\/\"]}]},{\"@type\":\"ImageObject\",\"inLanguage\":\"fr-FR\",\"@id\":\"https:\\\/\\\/neel-trimarans-group.com\\\/fr\\\/lancement-de-trimaran-yacht-charter-un-mot-du-president\\\/#primaryimage\",\"url\":\"https:\\\/\\\/neel-trimarans-group.com\\\/wp-content\\\/uploads\\\/2021\\\/01\\\/lancement-de-trimaran-yacht-charter-un-mot-du-president.jpg\",\"contentUrl\":\"https:\\\/\\\/neel-trimarans-group.com\\\/wp-content\\\/uploads\\\/2021\\\/01\\\/lancement-de-trimaran-yacht-charter-un-mot-du-president.jpg\",\"width\":2000,\"height\":795,\"caption\":\"Lancement de TRIMARAN YACHT CHARTER : un mot du Pr\u00e9sident\"},{\"@type\":\"BreadcrumbList\",\"@id\":\"https:\\\/\\\/neel-trimarans-group.com\\\/fr\\\/lancement-de-trimaran-yacht-charter-un-mot-du-president\\\/#breadcrumb\",\"itemListElement\":[{\"@type\":\"ListItem\",\"position\":1,\"name\":\"Home\",\"item\":\"https:\\\/\\\/neel-trimarans-group.com\\\/\"},{\"@type\":\"ListItem\",\"position\":2,\"name\":\"Lancement de TRIMARAN YACHT CHARTER : un mot du Pr\u00e9sident\"}]},{\"@type\":\"WebSite\",\"@id\":\"https:\\\/\\\/neel-trimarans-group.com\\\/#website\",\"url\":\"https:\\\/\\\/neel-trimarans-group.com\\\/\",\"name\":\"NEEL-TRIMARANS-GROUP\",\"description\":\"Just makes sense\",\"publisher\":{\"@id\":\"https:\\\/\\\/neel-trimarans-group.com\\\/#organization\"},\"potentialAction\":[{\"@type\":\"SearchAction\",\"target\":{\"@type\":\"EntryPoint\",\"urlTemplate\":\"https:\\\/\\\/neel-trimarans-group.com\\\/?s={search_term_string}\"},\"query-input\":{\"@type\":\"PropertyValueSpecification\",\"valueRequired\":true,\"valueName\":\"search_term_string\"}}],\"inLanguage\":\"fr-FR\"},{\"@type\":\"Organization\",\"@id\":\"https:\\\/\\\/neel-trimarans-group.com\\\/#organization\",\"name\":\"NEEL-TRIMARANS GROUP\",\"url\":\"https:\\\/\\\/neel-trimarans-group.com\\\/\",\"logo\":{\"@type\":\"ImageObject\",\"inLanguage\":\"fr-FR\",\"@id\":\"https:\\\/\\\/neel-trimarans-group.com\\\/#\\\/schema\\\/logo\\\/image\\\/\",\"url\":\"\",\"contentUrl\":\"\",\"caption\":\"NEEL-TRIMARANS GROUP\"},\"image\":{\"@id\":\"https:\\\/\\\/neel-trimarans-group.com\\\/#\\\/schema\\\/logo\\\/image\\\/\"},\"sameAs\":[\"https:\\\/\\\/www.facebook.com\\\/neeltrimarans\\\/\",\"https:\\\/\\\/x.com\\\/neeltrimarans\",\"https:\\\/\\\/www.instagram.com\\\/neeltrimarans_official\\\/\",\"https:\\\/\\\/www.youtube.com\\\/channel\\\/UCAFnRZZiNuug-k9TNDH_sEw\"]},{\"@type\":\"Person\",\"@id\":\"https:\\\/\\\/neel-trimarans-group.com\\\/#\\\/schema\\\/person\\\/802018f4b970e32fb1fd11dff7d1f55d\",\"name\":\"admin@neel\",\"image\":{\"@type\":\"ImageObject\",\"inLanguage\":\"fr-FR\",\"@id\":\"https:\\\/\\\/secure.gravatar.com\\\/avatar\\\/892320eab12df3b9a299a7ef9392e98145af12f27bd820f371927479d6fcab3f?s=96&d=mm&r=g\",\"url\":\"https:\\\/\\\/secure.gravatar.com\\\/avatar\\\/892320eab12df3b9a299a7ef9392e98145af12f27bd820f371927479d6fcab3f?s=96&d=mm&r=g\",\"contentUrl\":\"https:\\\/\\\/secure.gravatar.com\\\/avatar\\\/892320eab12df3b9a299a7ef9392e98145af12f27bd820f371927479d6fcab3f?s=96&d=mm&r=g\",\"caption\":\"admin@neel\"}}]}<\/script>\n<!-- \/ Yoast SEO plugin. -->","yoast_head_json":{"title":"Lancement de TRIMARAN YACHT CHARTER : un mot du Pr\u00e9sident - NEEL-TRIMARANS-GROUP","robots":{"index":"index","follow":"follow","max-snippet":"max-snippet:-1","max-image-preview":"max-image-preview:large","max-video-preview":"max-video-preview:-1"},"canonical":"https:\/\/neel-trimarans-group.com\/fr\/lancement-de-trimaran-yacht-charter-un-mot-du-president\/","og_locale":"fr_FR","og_type":"article","og_title":"Lancement de TRIMARAN YACHT CHARTER : un mot du Pr\u00e9sident - NEEL-TRIMARANS-GROUP","og_description":"En 2010, apr\u00e8s une longue carri\u00e8re dans la construction navale et un passage par la course au large, j\u2019ai d\u00e9cid\u00e9 de cr\u00e9er un chantier de construction naval sp\u00e9cialis\u00e9 dans la fabrication de trimarans de plaisance. Ce concept n\u2019existait pas encore et j\u2019\u00e9tais persuad\u00e9 que le trimaran \u00e9tait le bateau de croisi\u00e8re id\u00e9al. Le pari \u00e9tait [&hellip;]","og_url":"https:\/\/neel-trimarans-group.com\/fr\/lancement-de-trimaran-yacht-charter-un-mot-du-president\/","og_site_name":"NEEL-TRIMARANS-GROUP","article_publisher":"https:\/\/www.facebook.com\/neeltrimarans\/","article_published_time":"2021-01-07T14:35:55+00:00","article_modified_time":"2022-01-05T16:45:09+00:00","og_image":[{"width":2000,"height":795,"url":"https:\/\/neel-trimarans-group.com\/wp-content\/uploads\/2021\/01\/lancement-de-trimaran-yacht-charter-un-mot-du-president.jpg","type":"image\/jpeg"}],"author":"admin@neel","twitter_card":"summary_large_image","twitter_creator":"@neeltrimarans","twitter_site":"@neeltrimarans","twitter_misc":{"\u00c9crit par":"admin@neel","Dur\u00e9e de lecture estim\u00e9e":"1 minute"},"schema":{"@context":"https:\/\/schema.org","@graph":[{"@type":"Article","@id":"https:\/\/neel-trimarans-group.com\/fr\/lancement-de-trimaran-yacht-charter-un-mot-du-president\/#article","isPartOf":{"@id":"https:\/\/neel-trimarans-group.com\/fr\/lancement-de-trimaran-yacht-charter-un-mot-du-president\/"},"author":{"name":"admin@neel","@id":"https:\/\/neel-trimarans-group.com\/#\/schema\/person\/802018f4b970e32fb1fd11dff7d1f55d"},"headline":"Lancement de TRIMARAN YACHT CHARTER : un mot du Pr\u00e9sident","datePublished":"2021-01-07T14:35:55+00:00","dateModified":"2022-01-05T16:45:09+00:00","mainEntityOfPage":{"@id":"https:\/\/neel-trimarans-group.com\/fr\/lancement-de-trimaran-yacht-charter-un-mot-du-president\/"},"wordCount":269,"publisher":{"@id":"https:\/\/neel-trimarans-group.com\/#organization"},"image":{"@id":"https:\/\/neel-trimarans-group.com\/fr\/lancement-de-trimaran-yacht-charter-un-mot-du-president\/#primaryimage"},"thumbnailUrl":"https:\/\/neel-trimarans-group.com\/wp-content\/uploads\/2021\/01\/lancement-de-trimaran-yacht-charter-un-mot-du-president.jpg","articleSection":["Actualit\u00e9s"],"inLanguage":"fr-FR"},{"@type":"WebPage","@id":"https:\/\/neel-trimarans-group.com\/fr\/lancement-de-trimaran-yacht-charter-un-mot-du-president\/","url":"https:\/\/neel-trimarans-group.com\/fr\/lancement-de-trimaran-yacht-charter-un-mot-du-president\/","name":"Lancement de TRIMARAN YACHT CHARTER : un mot du Pr\u00e9sident - NEEL-TRIMARANS-GROUP","isPartOf":{"@id":"https:\/\/neel-trimarans-group.com\/#website"},"primaryImageOfPage":{"@id":"https:\/\/neel-trimarans-group.com\/fr\/lancement-de-trimaran-yacht-charter-un-mot-du-president\/#primaryimage"},"image":{"@id":"https:\/\/neel-trimarans-group.com\/fr\/lancement-de-trimaran-yacht-charter-un-mot-du-president\/#primaryimage"},"thumbnailUrl":"https:\/\/neel-trimarans-group.com\/wp-content\/uploads\/2021\/01\/lancement-de-trimaran-yacht-charter-un-mot-du-president.jpg","datePublished":"2021-01-07T14:35:55+00:00","dateModified":"2022-01-05T16:45:09+00:00","breadcrumb":{"@id":"https:\/\/neel-trimarans-group.com\/fr\/lancement-de-trimaran-yacht-charter-un-mot-du-president\/#breadcrumb"},"inLanguage":"fr-FR","potentialAction":[{"@type":"ReadAction","target":["https:\/\/neel-trimarans-group.com\/fr\/lancement-de-trimaran-yacht-charter-un-mot-du-president\/"]}]},{"@type":"ImageObject","inLanguage":"fr-FR","@id":"https:\/\/neel-trimarans-group.com\/fr\/lancement-de-trimaran-yacht-charter-un-mot-du-president\/#primaryimage","url":"https:\/\/neel-trimarans-group.com\/wp-content\/uploads\/2021\/01\/lancement-de-trimaran-yacht-charter-un-mot-du-president.jpg","contentUrl":"https:\/\/neel-trimarans-group.com\/wp-content\/uploads\/2021\/01\/lancement-de-trimaran-yacht-charter-un-mot-du-president.jpg","width":2000,"height":795,"caption":"Lancement de TRIMARAN YACHT CHARTER : un mot du Pr\u00e9sident"},{"@type":"BreadcrumbList","@id":"https:\/\/neel-trimarans-group.com\/fr\/lancement-de-trimaran-yacht-charter-un-mot-du-president\/#breadcrumb","itemListElement":[{"@type":"ListItem","position":1,"name":"Home","item":"https:\/\/neel-trimarans-group.com\/"},{"@type":"ListItem","position":2,"name":"Lancement de TRIMARAN YACHT CHARTER : un mot du Pr\u00e9sident"}]},{"@type":"WebSite","@id":"https:\/\/neel-trimarans-group.com\/#website","url":"https:\/\/neel-trimarans-group.com\/","name":"NEEL-TRIMARANS-GROUP","description":"Just makes sense","publisher":{"@id":"https:\/\/neel-trimarans-group.com\/#organization"},"potentialAction":[{"@type":"SearchAction","target":{"@type":"EntryPoint","urlTemplate":"https:\/\/neel-trimarans-group.com\/?s={search_term_string}"},"query-input":{"@type":"PropertyValueSpecification","valueRequired":true,"valueName":"search_term_string"}}],"inLanguage":"fr-FR"},{"@type":"Organization","@id":"https:\/\/neel-trimarans-group.com\/#organization","name":"NEEL-TRIMARANS GROUP","url":"https:\/\/neel-trimarans-group.com\/","logo":{"@type":"ImageObject","inLanguage":"fr-FR","@id":"https:\/\/neel-trimarans-group.com\/#\/schema\/logo\/image\/","url":"","contentUrl":"","caption":"NEEL-TRIMARANS GROUP"},"image":{"@id":"https:\/\/neel-trimarans-group.com\/#\/schema\/logo\/image\/"},"sameAs":["https:\/\/www.facebook.com\/neeltrimarans\/","https:\/\/x.com\/neeltrimarans","https:\/\/www.instagram.com\/neeltrimarans_official\/","https:\/\/www.youtube.com\/channel\/UCAFnRZZiNuug-k9TNDH_sEw"]},{"@type":"Person","@id":"https:\/\/neel-trimarans-group.com\/#\/schema\/person\/802018f4b970e32fb1fd11dff7d1f55d","name":"admin@neel","image":{"@type":"ImageObject","inLanguage":"fr-FR","@id":"https:\/\/secure.gravatar.com\/avatar\/892320eab12df3b9a299a7ef9392e98145af12f27bd820f371927479d6fcab3f?s=96&d=mm&r=g","url":"https:\/\/secure.gravatar.com\/avatar\/892320eab12df3b9a299a7ef9392e98145af12f27bd820f371927479d6fcab3f?s=96&d=mm&r=g","contentUrl":"https:\/\/secure.gravatar.com\/avatar\/892320eab12df3b9a299a7ef9392e98145af12f27bd820f371927479d6fcab3f?s=96&d=mm&r=g","caption":"admin@neel"}}]}},"_links":{"self":[{"href":"https:\/\/neel-trimarans-group.com\/fr\/wp-json\/wp\/v2\/posts\/11163","targetHints":{"allow":["GET"]}}],"collection":[{"href":"https:\/\/neel-trimarans-group.com\/fr\/wp-json\/wp\/v2\/posts"}],"about":[{"href":"https:\/\/neel-trimarans-group.com\/fr\/wp-json\/wp\/v2\/types\/post"}],"author":[{"embeddable":true,"href":"https:\/\/neel-trimarans-group.com\/fr\/wp-json\/wp\/v2\/users\/1"}],"replies":[{"embeddable":true,"href":"https:\/\/neel-trimarans-group.com\/fr\/wp-json\/wp\/v2\/comments?post=11163"}],"version-history":[{"count":5,"href":"https:\/\/neel-trimarans-group.com\/fr\/wp-json\/wp\/v2\/posts\/11163\/revisions"}],"predecessor-version":[{"id":11178,"href":"https:\/\/neel-trimarans-group.com\/fr\/wp-json\/wp\/v2\/posts\/11163\/revisions\/11178"}],"wp:featuredmedia":[{"embeddable":true,"href":"https:\/\/neel-trimarans-group.com\/fr\/wp-json\/wp\/v2\/media\/11165"}],"wp:attachment":[{"href":"https:\/\/neel-trimarans-group.com\/fr\/wp-json\/wp\/v2\/media?parent=11163"}],"wp:term":[{"taxonomy":"category","embeddable":true,"href":"https:\/\/neel-trimarans-group.com\/fr\/wp-json\/wp\/v2\/categories?post=11163"},{"taxonomy":"post_tag","embeddable":true,"href":"https:\/\/neel-trimarans-group.com\/fr\/wp-json\/wp\/v2\/tags?post=11163"}],"curies":[{"name":"wp","href":"https:\/\/api.w.org\/{rel}","templated":true}]}}